{"id":17798,"date":"2021-07-01T20:07:00","date_gmt":"2021-07-01T20:07:00","guid":{"rendered":"https:\/\/www.tierschutzhof-karlsruhe.de\/TSHKAWP\/?p=17798"},"modified":"2021-07-03T09:59:05","modified_gmt":"2021-07-03T09:59:05","slug":"coronahunde","status":"publish","type":"post","link":"https:\/\/www.tierschutzhof-karlsruhe.de\/TSHKAWP\/coronahunde\/","title":{"rendered":"Wohin f\u00fchrt der Weg mit den Coronahunden?"},"content":{"rendered":"\n<figure class=\"wp-block-video\"><video controls poster=\"https:\/\/www.tierschutzhof-karlsruhe.de\/TSHKAWP\/wp-content\/uploads\/2019\/12\/36317559_260797221144439_7648653274555351040_n.png\" src=\"https:\/\/www.tierschutzhof-karlsruhe.de\/TSHKAWP\/wp-content\/uploads\/2021\/07\/Coronahunde.mp4\"><\/video><\/figure>\n\n\n\n<p>Wohin f\u00fchrt der Weg mit den Coronahunden, &#8230;<br>wir selbst haben d\u00fcstere Gedanken, die wir garnicht aussprechen wollen. Tierschutz am Scheideweg? Vielen Dank an <a href=\"https:\/\/www.facebook.com\/SWRAktuell\/?__cft__[0]=AZW_u4BWC-8jVOGa59ISLpjX9x8XavfkjdehrQGp0CzmHndHciQ-XeIzzj-xXK0UAbafMS0K_xTH4ayrnY_Scrs4VbtLkWCrWfc9OVK1j030eGbvlLWNoNHEXNWRXxQYGHOP8wVe--k6lUePV4sQKvJtybAu9mXB-CFm52vXT5eoSA&amp;__tn__=kK-R\">SWR Aktuell<\/a> und <a href=\"https:\/\/www.facebook.com\/SWR3\/?__cft__[0]=AZW_u4BWC-8jVOGa59ISLpjX9x8XavfkjdehrQGp0CzmHndHciQ-XeIzzj-xXK0UAbafMS0K_xTH4ayrnY_Scrs4VbtLkWCrWfc9OVK1j030eGbvlLWNoNHEXNWRXxQYGHOP8wVe--k6lUePV4sQKvJtybAu9mXB-CFm52vXT5eoSA&amp;__tn__=kK-R\">SWR3<\/a>, dass Ihr Euch diesem Thema annehmt um den rosa Vorhang bei einigen zu l\u00fcftenLiked und teilt unsere Beitr\u00e4ge um eine h\u00f6here Reichweite zu bekommen. SP<\/p>\n\n\n\n<p><\/p>\n\n\n\n<p><a href=\"https:\/\/www.swr.de\/swraktuell\/baden-wuerttemberg\/karlsruhe\/hunde-corona-karlsruhe-100.html?fbclid=IwAR22ZADn7w5PPwm6_442vWfJhA-qlx3p3oyVkW1vjx8j0r6HZjGbUY8CLU0\">https:\/\/www.swr.de\/swraktuell\/baden-wuerttemberg\/karlsruhe\/hunde-corona-karlsruhe-100.html?fbclid=IwAR22ZADn7w5PPwm6_442vWfJhA-qlx3p3oyVkW1vjx8j0r6HZjGbUY8CLU0<\/a><\/p>\n\n\n\n<p><a href=\"https:\/\/www.swr.de\/swraktuell\/haustiere-nach-der-pandemie-kolumne-100.html?fbclid=IwAR0dt_82DADSswYg5Ah-LQH7kUfZtRgHO3WnPhk09k7Oq4z6YTkdDk0yMrA\">https:\/\/www.swr.de\/swraktuell\/haustiere-nach-der-pandemie-kolumne-100.html?fbclid=IwAR0dt_82DADSswYg5Ah-LQH7kUfZtRgHO3WnPhk09k7Oq4z6YTkdDk0yMrA<\/a><\/p>\n\n\n\n<p><a href=\"https:\/\/www.hessenschau.de\/erste-tierheime-wegen-gestoerter-corona-hunde-ueberfuellt,tierheime-corona-hunde-100.html?fbclid=IwAR18zL06XX7lyeRvsFf8oxjKjtk6M3Cr4eSN1MXLxvxLjZspXcVAWRSG-1w\">https:\/\/www.hessenschau.de\/erste-tierheime-wegen-gestoerter-corona-hunde-ueberfuellt,tierheime-corona-hunde-100.html?fbclid=IwAR18zL06XX7lyeRvsFf8oxjKjtk6M3Cr4eSN1MXLxvxLjZspXcVAWRSG-1w<\/a><\/p>\n\n\n\n<p><\/p>\n","protected":false},"excerpt":{"rendered":"<p>Wohin f\u00fchrt der Weg mit den Coronahunden, &#8230;wir selbst haben d\u00fcstere Gedanken, die wir garnicht aussprechen wollen. Tierschutz am Scheideweg? Vielen Dank an SWR Aktuell und SWR3, dass Ihr Euch diesem Thema annehmt um den rosa Vorhang bei einigen zu l\u00fcftenLiked und teilt unsere Beitr\u00e4ge um eine h\u00f6here Reichweite zu bekommen. SP https:\/\/www.swr.de\/swraktuell\/baden-wuerttemberg\/karlsruhe\/hunde-corona-karlsruhe-100.html?fbclid=IwAR22ZADn7w5PPwm6_442vWfJhA-qlx3p3oyVkW1vjx8j0r6HZjGbUY8CLU0 https:\/\/www.swr.de\/swraktuell\/haustiere-nach-der-pandemie-kolumne-100.html?fbclid=IwAR0dt_82DADSswYg5Ah-LQH7kUfZtRgHO3WnPhk09k7Oq4z6YTkdDk0yMrA https:\/\/www.hessenschau.de\/erste-tierheime-wegen-gestoerter-corona-hunde-ueberfuellt,tierheime-corona-hunde-100.html?fbclid=IwAR18zL06XX7lyeRvsFf8oxjKjtk6M3Cr4eSN1MXLxvxLjZspXcVAWRSG-1w<\/p>\n","protected":false},"author":4,"featured_media":17802,"comment_status":"open","ping_status":"closed","sticky":false,"template":"","format":"standard","meta":[],"categories":[22,111,4],"tags":[],"_links":{"self":[{"href":"https:\/\/www.tierschutzhof-karlsruhe.de\/TSHKAWP\/wp-json\/wp\/v2\/posts\/17798"}],"collection":[{"href":"https:\/\/www.tierschutzhof-karlsruhe.de\/TSHKAWP\/wp-json\/wp\/v2\/posts"}],"about":[{"href":"https:\/\/www.tierschutzhof-karlsruhe.de\/TSHKAWP\/wp-json\/wp\/v2\/types\/post"}],"author":[{"embeddable":true,"href":"https:\/\/www.tierschutzhof-karlsruhe.de\/TSHKAWP\/wp-json\/wp\/v2\/users\/4"}],"replies":[{"embeddable":true,"href":"https:\/\/www.tierschutzhof-karlsruhe.de\/TSHKAWP\/wp-json\/wp\/v2\/comments?post=17798"}],"version-history":[{"count":5,"href":"https:\/\/www.tierschutzhof-karlsruhe.de\/TSHKAWP\/wp-json\/wp\/v2\/posts\/17798\/revisions"}],"predecessor-version":[{"id":17805,"href":"https:\/\/www.tierschutzhof-karlsruhe.de\/TSHKAWP\/wp-json\/wp\/v2\/posts\/17798\/revisions\/17805"}],"wp:featuredmedia":[{"embeddable":true,"href":"https:\/\/www.tierschutzhof-karlsruhe.de\/TSHKAWP\/wp-json\/wp\/v2\/media\/17802"}],"wp:attachment":[{"href":"https:\/\/www.tierschutzhof-karlsruhe.de\/TSHKAWP\/wp-json\/wp\/v2\/media?parent=17798"}],"wp:term":[{"taxonomy":"category","embeddable":true,"href":"https:\/\/www.tierschutzhof-karlsruhe.de\/TSHKAWP\/wp-json\/wp\/v2\/categories?post=17798"},{"taxonomy":"post_tag","embeddable":true,"href":"https:\/\/www.tierschutzhof-karlsruhe.de\/TSHKAWP\/wp-json\/wp\/v2\/tags?post=17798"}],"curies":[{"name":"wp","href":"https:\/\/api.w.org\/{rel}","templated":true}]}}