{"id":19361,"date":"2023-09-03T09:44:12","date_gmt":"2023-09-03T09:44:12","guid":{"rendered":"https:\/\/www.tierschutzhof-karlsruhe.de\/TSHKAWP\/?p=19361"},"modified":"2023-09-03T09:44:13","modified_gmt":"2023-09-03T09:44:13","slug":"aufnahmestop","status":"publish","type":"post","link":"https:\/\/www.tierschutzhof-karlsruhe.de\/TSHKAWP\/aufnahmestop\/","title":{"rendered":"Aufnahmestop"},"content":{"rendered":"\n<p>Die letzten Tage und Ereignisse haben mich sehr zum Nachdenken gebracht.<br>Es wird immer schwerer sich um die vorhandenen Tiere bei uns auf dem Hof zu k\u00fcmmern. Die Spendengelder gehen extrem zur\u00fcck und in erster Linie tragen wir die Verantwortung f\u00fcr die Tiere, die einen Platz bei uns bereits haben. Jedes weitere Tier, was wir auf unserem Hof aufnehmen, senkt die Lebensqualit\u00e4t der anderen Tiere.<br>Wir Tierheime k\u00f6nnen nicht grenzenlos die Unvernunft der Menschen abfangen, schon gar nicht mit einer bei weitem nicht kostendeckenden Abgabegeb\u00fchr.<br>Unvernunft, ein gutes Stichwort zu einer Anfrage die gestern bei uns rein kam.<br><br>&#8222;Wir nehmen Euch mit&#8220;<br>\u2022 Zur Abgabe kommt hier ein 4 Monate alter Sch\u00e4ferhund, der seit zwei Wochen gehalten wird.<br>\u2022 Der Vermieter duldet das Tier nicht.<br>\u2022 Au\u00dferdem erwarten die Menschen Nachwuchs und k\u00f6nnen sich daher nicht um den Hund und dessen Erziehung k\u00fcmmern.<br><br>Ich habe bei solchen Anfrage gro\u00dfe Probleme ruhig zu bleiben, aber m\u00f6glicherweise bin ich ja auch einfach nur &#8222;zu empfindlich&#8220;, denn es geht hier ja nur um ein Tier.<br>Mir wurde auch schon vorgeworfen, dass ich gro\u00dfartig im Jammern sei.<br>Gerne m\u00f6chte ich weiter jammern und verweise auf den Brandbrief des <a href=\"https:\/\/www.facebook.com\/BuendnisSchattenhund?__cft__[0]=AZU7E30BbcJJGVW5LtQiMj6heHzaZL1s3wMA7YV1OYYfCb9plUy0a4PMDuKitiUhVUq86O54sdBtRz1uBbA_bRHhHHcbM5fC5_wDTwOWyg5uZfaRaxtck0RLCNVfUrePg4YAI9whCHeHe5t-0I0iZdFs&amp;__tn__=-]K-R\">B\u00fcndnis-Schattenhund<\/a>.<br><br>Dieser Brandbrief wird von vielen weiteren jammernden Tierheimen unterst\u00fctzt.<br><a rel=\"noreferrer noopener\" href=\"https:\/\/l.facebook.com\/l.php?u=https%3A%2F%2Finnn.it%2Fbrandbrieftierschutz%3Ffbclid%3DIwAR2ka2JiAjSTym52KiBECruaNJv9Sk5GHyGEfhMwq96n6LpgV1dTza0I-jg%23share&amp;h=AT21_RV7jFGgTRpEMFVn9r9Df80K8gWviyTNsiRROV16crWbjE-KvwWR8IwECeG3g_e8EaTjMWu_I9ameyi8YnJjVOWhuZYmbrLR4zfsRpTtKrnl_fMlNbvzcpNRmvAmGDAXzhBETR0gYOWySjNl&amp;__tn__=-UK-R&amp;c[0]=AT1mr86npgcExW8MUJckYdrDCVpBbQVosvUzhWQCnUaV_5B65y3tE_dAQenuuDAIOI4JYzrrsFHH5RtB7-wBcQrTLy5jOTSMIPmT7tZKfkwUv8oJvwPm1V8EMxCD6LLuol10Q1mREo8em9Ngtj8oEayKtdyaIvEjHJXUNmNcBQViwVuVNQ\" target=\"_blank\">https:\/\/innn.it\/brandbrieftierschutz&#8230;<\/a><br><br>Es muss sich was \u00e4ndern in Deutschland. Solange wir in Deutschland derart schlechte Bedingungen zum Schutz von Heimtieren vorweisen, haben wir keinerlei Recht, mit dem Finger auf unsere Europ\u00e4ischen Nachbarn zu zeigen.<br>F\u00fcr alle, denen der inl\u00e4ndische Tierschutz etwas bedeutet, \u2026 bitte unterschreibt diese Petition, auch wenn Sie sehr hundelastig ist.<br>Die Hunde stehen hier stellvertretend f\u00fcr alle im privaten Bereich gehaltenen Tiere.<br>Stephan Winterhoff<\/p>\n","protected":false},"excerpt":{"rendered":"<p>Die letzten Tage und Ereignisse haben mich sehr zum Nachdenken gebracht.Es wird immer schwerer sich um die vorhandenen Tiere bei uns auf dem Hof zu k\u00fcmmern. Die Spendengelder gehen extrem zur\u00fcck und in erster Linie tragen wir die Verantwortung f\u00fcr die Tiere, die einen Platz bei uns bereits haben. Jedes weitere Tier, was wir auf&#8230;<\/p>\n","protected":false},"author":29,"featured_media":19362,"comment_status":"open","ping_status":"closed","sticky":false,"template":"","format":"standard","meta":[],"categories":[4],"tags":[],"_links":{"self":[{"href":"https:\/\/www.tierschutzhof-karlsruhe.de\/TSHKAWP\/wp-json\/wp\/v2\/posts\/19361"}],"collection":[{"href":"https:\/\/www.tierschutzhof-karlsruhe.de\/TSHKAWP\/wp-json\/wp\/v2\/posts"}],"about":[{"href":"https:\/\/www.tierschutzhof-karlsruhe.de\/TSHKAWP\/wp-json\/wp\/v2\/types\/post"}],"author":[{"embeddable":true,"href":"https:\/\/www.tierschutzhof-karlsruhe.de\/TSHKAWP\/wp-json\/wp\/v2\/users\/29"}],"replies":[{"embeddable":true,"href":"https:\/\/www.tierschutzhof-karlsruhe.de\/TSHKAWP\/wp-json\/wp\/v2\/comments?post=19361"}],"version-history":[{"count":1,"href":"https:\/\/www.tierschutzhof-karlsruhe.de\/TSHKAWP\/wp-json\/wp\/v2\/posts\/19361\/revisions"}],"predecessor-version":[{"id":19363,"href":"https:\/\/www.tierschutzhof-karlsruhe.de\/TSHKAWP\/wp-json\/wp\/v2\/posts\/19361\/revisions\/19363"}],"wp:featuredmedia":[{"embeddable":true,"href":"https:\/\/www.tierschutzhof-karlsruhe.de\/TSHKAWP\/wp-json\/wp\/v2\/media\/19362"}],"wp:attachment":[{"href":"https:\/\/www.tierschutzhof-karlsruhe.de\/TSHKAWP\/wp-json\/wp\/v2\/media?parent=19361"}],"wp:term":[{"taxonomy":"category","embeddable":true,"href":"https:\/\/www.tierschutzhof-karlsruhe.de\/TSHKAWP\/wp-json\/wp\/v2\/categories?post=19361"},{"taxonomy":"post_tag","embeddable":true,"href":"https:\/\/www.tierschutzhof-karlsruhe.de\/TSHKAWP\/wp-json\/wp\/v2\/tags?post=19361"}],"curies":[{"name":"wp","href":"https:\/\/api.w.org\/{rel}","templated":true}]}}